{"id":2556,"date":"2021-04-19T12:30:51","date_gmt":"2021-04-19T10:30:51","guid":{"rendered":"https:\/\/www.moblesurgell.com\/es\/?p=2556"},"modified":"2021-04-20T10:11:07","modified_gmt":"2021-04-20T08:11:07","slug":"estrenem-el-nou-espai-bonaldo-espanol","status":"publish","type":"post","link":"https:\/\/www.moblesurgell.com\/es\/estrenem-el-nou-espai-bonaldo-espanol\/","title":{"rendered":"\u00a1Estrenamos el nuevo Espacio\u00a0Bonaldo!"},"content":{"rendered":"\n\n<div class=\"kk-star-ratings kksr-auto kksr-align-left kksr-valign-top\"\n    data-payload='{&quot;align&quot;:&quot;left&quot;,&quot;id&quot;:&quot;2556&quot;,&quot;slug&quot;:&quot;default&quot;,&quot;valign&quot;:&quot;top&quot;,&quot;ignore&quot;:&quot;&quot;,&quot;reference&quot;:&quot;auto&quot;,&quot;class&quot;:&quot;&quot;,&quot;count&quot;:&quot;0&quot;,&quot;legendonly&quot;:&quot;&quot;,&quot;readonly&quot;:&quot;&quot;,&quot;score&quot;:&quot;0&quot;,&quot;starsonly&quot;:&quot;&quot;,&quot;best&quot;:&quot;5&quot;,&quot;gap&quot;:&quot;5&quot;,&quot;greet&quot;:&quot;Rate this post&quot;,&quot;legend&quot;:&quot;0\\\/5 - (0 votos)&quot;,&quot;size&quot;:&quot;24&quot;,&quot;title&quot;:&quot;\u00a1Estrenamos el nuevo Espacio\u00a0Bonaldo!&quot;,&quot;width&quot;:&quot;0&quot;,&quot;_legend&quot;:&quot;{score}\\\/{best} - ({count} {votes})&quot;,&quot;font_factor&quot;:&quot;1.25&quot;}'>\n            \n<div class=\"kksr-stars\">\n    \n<div class=\"kksr-stars-inactive\">\n            <div class=\"kksr-star\" data-star=\"1\" style=\"padding-right: 5px\">\n            \n\n<div class=\"kksr-icon\" style=\"width: 24px; height: 24px;\"><\/div>\n        <\/div>\n            <div class=\"kksr-star\" data-star=\"2\" style=\"padding-right: 5px\">\n            \n\n<div class=\"kksr-icon\" style=\"width: 24px; height: 24px;\"><\/div>\n        <\/div>\n            <div class=\"kksr-star\" data-star=\"3\" style=\"padding-right: 5px\">\n            \n\n<div class=\"kksr-icon\" style=\"width: 24px; height: 24px;\"><\/div>\n        <\/div>\n            <div class=\"kksr-star\" data-star=\"4\" style=\"padding-right: 5px\">\n            \n\n<div class=\"kksr-icon\" style=\"width: 24px; height: 24px;\"><\/div>\n        <\/div>\n            <div class=\"kksr-star\" data-star=\"5\" style=\"padding-right: 5px\">\n            \n\n<div class=\"kksr-icon\" style=\"width: 24px; height: 24px;\"><\/div>\n        <\/div>\n    <\/div>\n    \n<div class=\"kksr-stars-active\" style=\"width: 0px;\">\n            <div class=\"kksr-star\" style=\"padding-right: 5px\">\n            \n\n<div class=\"kksr-icon\" style=\"width: 24px; height: 24px;\"><\/div>\n        <\/div>\n            <div class=\"kksr-star\" style=\"padding-right: 5px\">\n            \n\n<div class=\"kksr-icon\" style=\"width: 24px; height: 24px;\"><\/div>\n        <\/div>\n            <div class=\"kksr-star\" style=\"padding-right: 5px\">\n            \n\n<div class=\"kksr-icon\" style=\"width: 24px; height: 24px;\"><\/div>\n        <\/div>\n            <div class=\"kksr-star\" style=\"padding-right: 5px\">\n            \n\n<div class=\"kksr-icon\" style=\"width: 24px; height: 24px;\"><\/div>\n        <\/div>\n            <div class=\"kksr-star\" style=\"padding-right: 5px\">\n            \n\n<div class=\"kksr-icon\" style=\"width: 24px; height: 24px;\"><\/div>\n        <\/div>\n    <\/div>\n<\/div>\n                \n\n<div class=\"kksr-legend\" style=\"font-size: 19.2px;\">\n            <span class=\"kksr-muted\">Rate this post<\/span>\n    <\/div>\n    <\/div>\n\n<p>Despu\u00e9s de unos meses de reformas, por fin ha llegado el momento tan deseado&#8230;<\/p>\n\n\n\n<p><br>Ya tenemos preparado para vosotros el nuevo Espacio&nbsp;Bonaldo! As\u00ed pues, sumamos un nuevo espacio a los&nbsp;2000m2&nbsp;de&nbsp;showroom&nbsp;de Mobles Urgell con marcas internacionales e ic\u00f3nicas como por ejemplo&nbsp;<a href=\"https:\/\/www.moblesurgell.com\/marques\/lago\"><strong>Lago<\/strong><\/a>,&nbsp;<strong><a href=\"https:\/\/www.moblesurgell.com\/marca\/treku\/\">Treku<\/a><\/strong>,&nbsp;<strong><a href=\"https:\/\/www.moblesurgell.com\/marca\/pianca\/\">Pianca<\/a><\/strong>,&nbsp;<strong><a href=\"https:\/\/www.moblesurgell.com\/marca\/santos\/\">Santos<\/a><\/strong>&nbsp;i&nbsp;<strong><a href=\"https:\/\/www.moblesurgell.com\/marca\/gandia-blasco\/\">Gandia Blasco<\/a><\/strong>, entre otras muchas. <\/p>\n\n\n\n<p>En este nuevo espacio hemos decorado diferentes zonas para que os hag\u00e1is una idea de hasta d\u00f3nde pueden llegar las m\u00faltiples configuraciones que ofrece la nueva colecci\u00f3n de\u00a0<strong>Bonaldo<\/strong>. Os haremos un peque\u00f1o resumen, pero si quer\u00e9is descubrir m\u00e1s&#8230; tendr\u00e9is que venir a verlo!<\/p>\n\n\n\n<div class=\"wp-block-image\"><figure class=\"aligncenter size-large\"><img decoding=\"async\" src=\"https:\/\/www.moblesurgell.com\/wp-content\/uploads\/bonaldo-lleida-mollerussa-mobles-urgell-decora-tu-hogar-decora-la-teva-llar-6.png\" alt=\"\" class=\"wp-image-2567\"\/><\/figure><\/div>\n\n\n\n<p>Ocupando un espacio central de la estancia, encontramos el sof\u00e1 modular&nbsp;<strong>Peanut&nbsp;B<\/strong>, una infinidad de posibilidades de configuraci\u00f3n lo convierten en un elemento extremadamente vers\u00e1til que se adapta en cualquier espacio.<\/p>\n\n\n\n<p><br>Tambi\u00e9n encontrar\u00e9is otros sof\u00e1s como por ejemplo el modelo&nbsp;<strong>relax<\/strong>&nbsp;<strong>Cortina<\/strong> o la&nbsp;<strong>Chaise&nbsp;Longue&nbsp;Lars<\/strong>.<\/p>\n\n\n\n<div class=\"wp-block-image\"><figure class=\"aligncenter size-large\"><img decoding=\"async\" src=\"https:\/\/www.moblesurgell.com\/wp-content\/uploads\/bonaldo-lleida-mollerussa-mobles-urgell3-1024x758.jpg\" alt=\"\" class=\"wp-image-2569\"\/><\/figure><\/div>\n\n\n\n<p>Continuamos con un dormitorio formado por una cama&nbsp;<strong>Cuff<\/strong>, simple pero a la vez sofisticada. A su lado, las mesillas de noche del modelo&nbsp;<strong>Wai<\/strong>&nbsp;y un espejo&nbsp;<strong>Obel<\/strong>&nbsp;lo complementan a la perfecci\u00f3n.&nbsp;<\/p>\n\n\n\n<div class=\"wp-block-image\"><figure class=\"aligncenter size-large\"><img decoding=\"async\" src=\"https:\/\/www.moblesurgell.com\/wp-content\/uploads\/bonaldo-lleida-mollerussa-mobles-urgell2-1024x749.jpg\" alt=\"\" class=\"wp-image-2570\"\/><\/figure><\/div>\n\n\n\n<p>Una pieza que hay que destacar es la mesa&nbsp;<strong>Mellow<\/strong>&nbsp;con sobre de nogal, la cual hemos dotado de sillas&nbsp;<strong>By-chair<\/strong>&nbsp;forradas en piel; tambi\u00e9n con patas de nogal macizo.<\/p>\n\n\n\n<div class=\"wp-block-image\"><figure class=\"aligncenter size-large\"><img decoding=\"async\" src=\"https:\/\/www.moblesurgell.com\/wp-content\/uploads\/bonaldo-lleida-mollerussa-mobles-urgell1-815x1024.jpg\" alt=\"\" class=\"wp-image-2571\"\/><\/figure><\/div>\n\n\n\n<p>A continuaci\u00f3n encontramos un peque\u00f1o rinc\u00f3n formado por una l\u00e1mpara de pie&nbsp;<strong>CrossRoad<\/strong>, con l\u00edneas minimalistas, acompa\u00f1ando a una majestuosa butaca&nbsp;<strong>Nikos&nbsp;Ego<\/strong>, con relleno de plumas y una almohada por la <strong>zona lumbar<\/strong>. Finaliza esta combinaci\u00f3n la mesa auxiliar<strong>&nbsp;Lupino&nbsp;Small<\/strong>.<\/p>\n\n\n\n<div class=\"wp-block-image\"><figure class=\"aligncenter size-large\"><img decoding=\"async\" src=\"https:\/\/www.moblesurgell.com\/wp-content\/uploads\/bonaldo-lleida-mollerussa-mobles-urgell4-1024x768.jpg\" alt=\"\" class=\"wp-image-2573\"\/><\/figure><\/div>\n\n\n\n<p><br>Pero no os pens\u00e9is que esto es todo! Encontrar\u00e9is mucho m\u00e1s, como la mesa&nbsp;<strong>Bigtable<\/strong>&nbsp;o las sillas&nbsp;<strong>Missfill<\/strong>, funcionales y est\u00e9ticas, la elegancia del mueble&nbsp;buffet&nbsp;<strong>Dopler-K<\/strong>, la gracia del perchero&nbsp;<strong>Treelight<\/strong>&nbsp;o la sobriedad de las estanter\u00edas&nbsp;<strong>Aliante<\/strong>!<\/p>\n\n\n\n<p>Tened en cuenta que casi todos los modelos son configurables, las posibilidades son casi infinitas!<\/p>\n\n\n\n<p>Os esperamos en nuestro&nbsp;showroom&nbsp;a&nbsp;Av&nbsp;de Catalu\u00f1a 12, de Mollerussa, para escuchar vuestro proyecto personalmente!<\/p>\n","protected":false},"excerpt":{"rendered":"<p>Despu\u00e9s de unos meses de reformas, por fin ha llegado el momento tan deseado&#8230; Ya tenemos preparado para vosotros el nuevo Espacio&nbsp;Bonaldo! As\u00ed pues, sumamos un nuevo espacio a los&nbsp;2000m2&nbsp;de&nbsp;showroom&nbsp;de Mobles Urgell con marcas internacionales e ic\u00f3nicas como por ejemplo&nbsp;Lago,&nbsp;Treku,&nbsp;Pianca,&nbsp;Santos&nbsp;i&nbsp;Gandia Blasco, entre otras muchas. En este nuevo espacio hemos decorado diferentes zonas para que os &#8230; <a title=\"\u00a1Estrenamos el nuevo Espacio\u00a0Bonaldo!\" class=\"read-more\" href=\"https:\/\/www.moblesurgell.com\/es\/estrenem-el-nou-espai-bonaldo-espanol\/\" aria-label=\"Leer m\u00e1s sobre \u00a1Estrenamos el nuevo Espacio\u00a0Bonaldo!\">Leer m\u00e1s<\/a><\/p>\n","protected":false},"author":2,"featured_media":2557,"comment_status":"closed","ping_status":"closed","sticky":false,"template":"","format":"standard","meta":{"_acf_changed":false,"footnotes":""},"categories":[1],"tags":[],"class_list":["post-2556","post","type-post","status-publish","format-standard","has-post-thumbnail","hentry","category-noticies"],"acf":[],"_links":{"self":[{"href":"https:\/\/www.moblesurgell.com\/es\/wp-json\/wp\/v2\/posts\/2556","targetHints":{"allow":["GET"]}}],"collection":[{"href":"https:\/\/www.moblesurgell.com\/es\/wp-json\/wp\/v2\/posts"}],"about":[{"href":"https:\/\/www.moblesurgell.com\/es\/wp-json\/wp\/v2\/types\/post"}],"author":[{"embeddable":true,"href":"https:\/\/www.moblesurgell.com\/es\/wp-json\/wp\/v2\/users\/2"}],"replies":[{"embeddable":true,"href":"https:\/\/www.moblesurgell.com\/es\/wp-json\/wp\/v2\/comments?post=2556"}],"version-history":[{"count":4,"href":"https:\/\/www.moblesurgell.com\/es\/wp-json\/wp\/v2\/posts\/2556\/revisions"}],"predecessor-version":[{"id":2562,"href":"https:\/\/www.moblesurgell.com\/es\/wp-json\/wp\/v2\/posts\/2556\/revisions\/2562"}],"wp:featuredmedia":[{"embeddable":true,"href":"https:\/\/www.moblesurgell.com\/es\/wp-json\/wp\/v2\/media\/2557"}],"wp:attachment":[{"href":"https:\/\/www.moblesurgell.com\/es\/wp-json\/wp\/v2\/media?parent=2556"}],"wp:term":[{"taxonomy":"category","embeddable":true,"href":"https:\/\/www.moblesurgell.com\/es\/wp-json\/wp\/v2\/categories?post=2556"},{"taxonomy":"post_tag","embeddable":true,"href":"https:\/\/www.moblesurgell.com\/es\/wp-json\/wp\/v2\/tags?post=2556"}],"curies":[{"name":"wp","href":"https:\/\/api.w.org\/{rel}","templated":true}]}}